{"id":2225,"date":"2012-05-16T09:30:41","date_gmt":"2012-05-16T09:30:41","guid":{"rendered":"http:\/\/www.filosofiprecari.it\/wordpress\/?p=2225"},"modified":"2012-05-16T09:30:41","modified_gmt":"2012-05-16T09:30:41","slug":"perche-la-guerra-carteggio-einstein-freud-una-recensione","status":"publish","type":"post","link":"https:\/\/www.filosofiprecari.it\/wordpress\/?p=2225","title":{"rendered":"Perch\u00e9 la guerra? Carteggio Einstein-Freud. Una recensione"},"content":{"rendered":"<p style=\"text-align: justify;\"><em><a href=\"https:\/\/www.filosofiprecari.it\/wordpress\/wp-content\/uploads\/2012\/05\/freudeeinstein.jpg\"><img loading=\"lazy\" decoding=\"async\" class=\"alignleft  wp-image-2226\" title=\"freudeeinstein\" src=\"https:\/\/www.filosofiprecari.it\/wordpress\/wp-content\/uploads\/2012\/05\/freudeeinstein.jpg\" alt=\"\" width=\"409\" height=\"310\" \/><\/a>Se ordini il libro tramite il nostro link hai diritto ad uno sconto significativo (Amazon):<\/em> <a href=\"http:\/\/www.amazon.it\/gp\/product\/883391058X\/ref=as_li_tf_tl?ie=UTF8&amp;tag=filosofipreca-21&amp;linkCode=as2&amp;camp=3370&amp;creative=23322&amp;creativeASIN=883391058X\">Perch\u00e9 la guerra? (Biblioteca Bollati Boringhieri)<\/a><img loading=\"lazy\" decoding=\"async\" style=\"border: none !important; margin: 0px !important;\" src=\"http:\/\/www.assoc-amazon.it\/e\/ir?t=filosofipreca-21&amp;l=as2&amp;o=29&amp;a=883391058X\" alt=\"\" width=\"1\" height=\"1\" border=\"0\" \/><\/p>\n<p>&#8212; &#8212; &#8212;<\/p>\n<p style=\"text-align: justify;\">La reazione di Sigmund Freud di fronte agli avvenimenti della <strong>Prima guerra mondiale<\/strong> \u00e8 quella di un uomo in cui l\u2019iniziale slancio patriottico, avvertito allo scoppio del conflitto, lascia spazio ad un profondo senso di smarrimento di cui il saggio <em>Perch\u00e9 la guerra?<\/em> costituisce una chiara testimonianza. Del resto, la drammaticit\u00e0 degli eventi &#8211; sostiene lo studioso austriaco &#8211; costringe tutti gli individui a fare i conti con la perdita di (apparentemente) solidi punti di riferimento, e la gravit\u00e0 di tale perdita \u00e8 tanto maggiore quanto pi\u00f9 elevato \u00e8 il (presunto) livello di civilt\u00e0 dei popoli coinvolti. La guerra, per\u00f2, non ha stravolto soltanto la vita degli uomini: persino il tradizionale modo di concepire la morte \u00e8 stato investito dal cambiamento; Freud nota che, sebbene l\u2019inconscio spinga da sempre il singolo ad allontanarne il pensiero e a rifiutarne l\u2019indissolubile legame con la realt\u00e0, \u00e8 chiaro che \u201c<em>la morte non pu\u00f2 pi\u00f9 oggi essere negata; siamo costretti a crederci. Gli uomini muoiono veramente; e non pi\u00f9 uno alla volta, ma in gran numero, spesso a decine di migliaia al giorno<\/em>\u201d.<\/p>\n<p style=\"text-align: justify;\"><!--more--><\/p>\n<p style=\"text-align: justify;\">La riflessione freudiana assume per\u00f2 maggior rilievo nel momento in cui ad essere presa in esame \u00e8 l\u2019origine del sentimento di delusione provocato dagli avvenimenti bellici, capaci di distruggere barriere, <strong>relazioni etiche e legami di comunit\u00e0<\/strong> costruiti, talvolta anche faticosamente, in tempo di pace. La psicoanalisi viene in aiuto, suggerendo un\u2019immagine che vede la natura umana costituita, nella sua essenza, da elementari moti pulsionali che vengono poi giudicati in modo positivo o negativo a seconda dei bisogni e delle caratteristiche della societ\u00e0 civile. A queste stesse pulsioni &#8211; si legge nello scritto in esame &#8211; \u00e8 riconducibile la tendenza a esprimere valutazioni positive sugli uomini, considerandoli migliori di quanto siano effettivamente. Ma non \u00e8 tutto. Freud, infatti, si affida s\u00ec agli strumenti che offre la psicoanalisi per cercare una chiave di lettura della tragedia del suo tempo, ma lo fa a partire da una consapevolezza che \u00e8\u00a0<em>umana<\/em>\u00a0prima ancora di essere\u00a0<em>psicoanalitica<\/em>: lo sconvolgimento e la delusione generati dal conflitto mondiale si spiegano cio\u00e8 riconoscendo che, in realt\u00e0, &#8220;<em>i nostri concittadini del mondo non sono per nulla caduti tanto in basso quanto supponiamo, e ci\u00f2 per il semplice fatto che non si trovavano prima alle altezze che avevamo immaginato<\/em>&#8220;.<\/p>\n<p style=\"text-align: justify;\">\n<p style=\"text-align: justify;\">La questione si rivela allora in tutta la sua complessit\u00e0, perch\u00e9 evidenzia non tanto le conseguenze, certamente disastrose, della guerra, quanto la fragilit\u00e0 delle basi su cui si fondano le comunit\u00e0 umane. Freud esprime in modo chiaro il proprio punto di vista a riguardo: \u201c<em>I moti pulsionali di un altro individuo si sottraggono naturalmente alla nostra osservazione diretta [\u2026] le stesse azioni \u00abbuone\u00bb dal punto di vista della civilt\u00e0, possono talora provenire da motivi \u00abnobili\u00bb e talora no [\u2026] Ma la societ\u00e0, che \u00e8 dominata da considerazioni pratiche, non si cura per nulla di una distinzione simile, si accontenta del fatto che un uomo impronti il proprio comportamento e le proprie azioni a precetti di civilt\u00e0, preoccupandosi ben poco dei motivi<\/em>\u201d.<\/p>\n<p style=\"text-align: justify;\">\n<p style=\"text-align: justify;\">La consapevolezza relativa alla fragilit\u00e0 delle basi della societ\u00e0 caratterizza anche lo scambio epistolare con <strong>Albert Einstein<\/strong>. Il carteggio tra i due fu il risultato di un invito, promosso nel 1931 dall\u2019<strong>Istituto internazionale per la cooperazione intellettuale<\/strong> per stimolare un dibattito tra gli intellettuali del periodo su questioni di particolare rilevanza. Il fisico, che si rivolge a Freud chiedendo se esista un modo per evitare la guerra, \u00e8 convinto che l\u2019unica soluzione sia che gli stati si affidino ad un&#8217;autorit\u00e0 a loro superiore. Non esiste alternativa, considerato che l\u2019uomo \u00e8 intrinsecamente malvagio: \u201c<em>Ha dentro di s\u00e9 il piacere di odiare e di distruggere. In tempi normali la sua passione rimane latente, emerge solo in circostanze eccezionali; ma \u00e8 abbastanza facile attizzarla e portarla alle altezze di una psicosi collettiva<\/em>\u201d.<\/p>\n<p style=\"text-align: justify;\"><strong>Diversa \u00e8, invece, la posizione che esprime Freud nella lettera di risposta<\/strong>. A suo avviso, costituire un organismo sovrannazionale pu\u00f2 difficilmente rappresentare un rimedio efficace, tanto meno definitivo, poich\u00e9, a ben vedere, si fonda sull\u2019illusione che sia possibile sostituire la forza reale, su cui si base in genere l\u2019autorit\u00e0, con la forza dei principi ideali. La conclusione \u00e8 duplice. Si tratta cio\u00e8, da un lato, di condannare la guerra e, dall\u2019altro, di sperare in un perfezionamento civile e intellettuale dell\u2019umanit\u00e0: \u201c<em>Quanto dovremo aspettare perch\u00e9 anche gli altri diventino pacifisti? Non si pu\u00f2 dirlo, ma forse non \u00e8 una speranza utopistica che l\u2019influsso di due fattori &#8211; un atteggiamento pi\u00f9 civile e il giustificato timore degli effetti di una guerra futura &#8211; ponga fine alle guerre in un prossimo avvenire. Per quali vie dirette o traverse non possiamo indovinarlo. Nel frattempo possiamo dirci: tutto ci\u00f2 che promuove l\u2019evoluzione civile lavora anche contro la guerra<\/em>\u201d.<\/p>\n<p>ELISA RADAELLI<\/p>\n<p>&nbsp;<\/p>\n","protected":false},"excerpt":{"rendered":"<p>Se ordini il libro tramite il nostro link hai diritto ad uno sconto significativo (Amazon): Perch\u00e9 la guerra? (Biblioteca Bollati Boringhieri) &#8212; &#8212; &#8212; La reazione di Sigmund Freud di fronte agli avvenimenti della Prima guerra mondiale \u00e8 quella di &hellip; <a href=\"https:\/\/www.filosofiprecari.it\/wordpress\/?p=2225\">Continua a leggere<span class=\"meta-nav\">&rarr;<\/span><\/a><\/p>\n","protected":false},"author":1,"featured_media":0,"comment_status":"open","ping_status":"open","sticky":false,"template":"","format":"standard","meta":{"footnotes":""},"categories":[11,223],"tags":[172,361,226,304,345],"class_list":["post-2225","post","type-post","status-publish","format-standard","hentry","category-recensione-libri","category-sciefil","tag-critica","tag-pacifismo","tag-riassunto","tag-sunto","tag-trama"],"yoast_head":"<!-- This site is optimized with the Yoast SEO plugin v27.3 - https:\/\/yoast.com\/product\/yoast-seo-wordpress\/ -->\n<title>Perch\u00e9 la guerra? Carteggio Einstein-Freud. Una recensione - filosofiprecari.it<\/title>\n<meta name=\"robots\" content=\"index, follow, max-snippet:-1, max-image-preview:large, max-video-preview:-1\" \/>\n<link rel=\"canonical\" href=\"https:\/\/www.filosofiprecari.it\/wordpress\/?p=2225\" \/>\n<meta property=\"og:locale\" content=\"it_IT\" \/>\n<meta property=\"og:type\" content=\"article\" \/>\n<meta property=\"og:title\" content=\"Perch\u00e9 la guerra? Carteggio Einstein-Freud. Una recensione - filosofiprecari.it\" \/>\n<meta property=\"og:description\" content=\"Se ordini il libro tramite il nostro link hai diritto ad uno sconto significativo (Amazon): Perch\u00e9 la guerra? (Biblioteca Bollati Boringhieri) &#8212; &#8212; &#8212; La reazione di Sigmund Freud di fronte agli avvenimenti della Prima guerra mondiale \u00e8 quella di &hellip; Continua a leggere&rarr;\" \/>\n<meta property=\"og:url\" content=\"https:\/\/www.filosofiprecari.it\/wordpress\/?p=2225\" \/>\n<meta property=\"og:site_name\" content=\"filosofiprecari.it\" \/>\n<meta property=\"article:published_time\" content=\"2012-05-16T09:30:41+00:00\" \/>\n<meta property=\"og:image\" content=\"http:\/\/www.filosofiprecari.it\/wordpress\/wp-content\/uploads\/2012\/05\/freudeeinstein.jpg\" \/>\n<meta name=\"author\" content=\"Geniomaligno\" \/>\n<meta name=\"twitter:card\" content=\"summary_large_image\" \/>\n<meta name=\"twitter:label1\" content=\"Scritto da\" \/>\n\t<meta name=\"twitter:data1\" content=\"Geniomaligno\" \/>\n\t<meta name=\"twitter:label2\" content=\"Tempo di lettura stimato\" \/>\n\t<meta name=\"twitter:data2\" content=\"4 minuti\" \/>\n<script type=\"application\/ld+json\" class=\"yoast-schema-graph\">{\"@context\":\"https:\\\/\\\/schema.org\",\"@graph\":[{\"@type\":\"Article\",\"@id\":\"https:\\\/\\\/www.filosofiprecari.it\\\/wordpress\\\/?p=2225#article\",\"isPartOf\":{\"@id\":\"https:\\\/\\\/www.filosofiprecari.it\\\/wordpress\\\/?p=2225\"},\"author\":{\"name\":\"Geniomaligno\",\"@id\":\"https:\\\/\\\/www.filosofiprecari.it\\\/wordpress\\\/#\\\/schema\\\/person\\\/9535731de871053883b38b72b012edd3\"},\"headline\":\"Perch\u00e9 la guerra? Carteggio Einstein-Freud. Una recensione\",\"datePublished\":\"2012-05-16T09:30:41+00:00\",\"mainEntityOfPage\":{\"@id\":\"https:\\\/\\\/www.filosofiprecari.it\\\/wordpress\\\/?p=2225\"},\"wordCount\":812,\"commentCount\":0,\"image\":{\"@id\":\"https:\\\/\\\/www.filosofiprecari.it\\\/wordpress\\\/?p=2225#primaryimage\"},\"thumbnailUrl\":\"http:\\\/\\\/www.filosofiprecari.it\\\/wordpress\\\/wp-content\\\/uploads\\\/2012\\\/05\\\/freudeeinstein.jpg\",\"keywords\":[\"critica\",\"pacifismo\",\"riassunto\",\"sunto\",\"trama\"],\"articleSection\":[\"Recensione libri\",\"Scienza\\\/filosofia\"],\"inLanguage\":\"it-IT\",\"potentialAction\":[{\"@type\":\"CommentAction\",\"name\":\"Comment\",\"target\":[\"https:\\\/\\\/www.filosofiprecari.it\\\/wordpress\\\/?p=2225#respond\"]}]},{\"@type\":\"WebPage\",\"@id\":\"https:\\\/\\\/www.filosofiprecari.it\\\/wordpress\\\/?p=2225\",\"url\":\"https:\\\/\\\/www.filosofiprecari.it\\\/wordpress\\\/?p=2225\",\"name\":\"Perch\u00e9 la guerra? Carteggio Einstein-Freud. Una recensione - filosofiprecari.it\",\"isPartOf\":{\"@id\":\"https:\\\/\\\/www.filosofiprecari.it\\\/wordpress\\\/#website\"},\"primaryImageOfPage\":{\"@id\":\"https:\\\/\\\/www.filosofiprecari.it\\\/wordpress\\\/?p=2225#primaryimage\"},\"image\":{\"@id\":\"https:\\\/\\\/www.filosofiprecari.it\\\/wordpress\\\/?p=2225#primaryimage\"},\"thumbnailUrl\":\"http:\\\/\\\/www.filosofiprecari.it\\\/wordpress\\\/wp-content\\\/uploads\\\/2012\\\/05\\\/freudeeinstein.jpg\",\"datePublished\":\"2012-05-16T09:30:41+00:00\",\"author\":{\"@id\":\"https:\\\/\\\/www.filosofiprecari.it\\\/wordpress\\\/#\\\/schema\\\/person\\\/9535731de871053883b38b72b012edd3\"},\"breadcrumb\":{\"@id\":\"https:\\\/\\\/www.filosofiprecari.it\\\/wordpress\\\/?p=2225#breadcrumb\"},\"inLanguage\":\"it-IT\",\"potentialAction\":[{\"@type\":\"ReadAction\",\"target\":[\"https:\\\/\\\/www.filosofiprecari.it\\\/wordpress\\\/?p=2225\"]}]},{\"@type\":\"ImageObject\",\"inLanguage\":\"it-IT\",\"@id\":\"https:\\\/\\\/www.filosofiprecari.it\\\/wordpress\\\/?p=2225#primaryimage\",\"url\":\"http:\\\/\\\/www.filosofiprecari.it\\\/wordpress\\\/wp-content\\\/uploads\\\/2012\\\/05\\\/freudeeinstein.jpg\",\"contentUrl\":\"http:\\\/\\\/www.filosofiprecari.it\\\/wordpress\\\/wp-content\\\/uploads\\\/2012\\\/05\\\/freudeeinstein.jpg\"},{\"@type\":\"BreadcrumbList\",\"@id\":\"https:\\\/\\\/www.filosofiprecari.it\\\/wordpress\\\/?p=2225#breadcrumb\",\"itemListElement\":[{\"@type\":\"ListItem\",\"position\":1,\"name\":\"Home\",\"item\":\"https:\\\/\\\/www.filosofiprecari.it\\\/wordpress\"},{\"@type\":\"ListItem\",\"position\":2,\"name\":\"Perch\u00e9 la guerra? Carteggio Einstein-Freud. Una recensione\"}]},{\"@type\":\"WebSite\",\"@id\":\"https:\\\/\\\/www.filosofiprecari.it\\\/wordpress\\\/#website\",\"url\":\"https:\\\/\\\/www.filosofiprecari.it\\\/wordpress\\\/\",\"name\":\"filosofiprecari.it\",\"description\":\"filosofie nel deserto\",\"potentialAction\":[{\"@type\":\"SearchAction\",\"target\":{\"@type\":\"EntryPoint\",\"urlTemplate\":\"https:\\\/\\\/www.filosofiprecari.it\\\/wordpress\\\/?s={search_term_string}\"},\"query-input\":{\"@type\":\"PropertyValueSpecification\",\"valueRequired\":true,\"valueName\":\"search_term_string\"}}],\"inLanguage\":\"it-IT\"},{\"@type\":\"Person\",\"@id\":\"https:\\\/\\\/www.filosofiprecari.it\\\/wordpress\\\/#\\\/schema\\\/person\\\/9535731de871053883b38b72b012edd3\",\"name\":\"Geniomaligno\",\"image\":{\"@type\":\"ImageObject\",\"inLanguage\":\"it-IT\",\"@id\":\"https:\\\/\\\/secure.gravatar.com\\\/avatar\\\/06f70924c5d2d441ba22945cdded32a8b8f8e67179ed3d0ff2b2d209dff108c7?s=96&d=mm&r=g\",\"url\":\"https:\\\/\\\/secure.gravatar.com\\\/avatar\\\/06f70924c5d2d441ba22945cdded32a8b8f8e67179ed3d0ff2b2d209dff108c7?s=96&d=mm&r=g\",\"contentUrl\":\"https:\\\/\\\/secure.gravatar.com\\\/avatar\\\/06f70924c5d2d441ba22945cdded32a8b8f8e67179ed3d0ff2b2d209dff108c7?s=96&d=mm&r=g\",\"caption\":\"Geniomaligno\"},\"url\":\"https:\\\/\\\/www.filosofiprecari.it\\\/wordpress\\\/?author=1\"}]}<\/script>\n<!-- \/ Yoast SEO plugin. -->","yoast_head_json":{"title":"Perch\u00e9 la guerra? Carteggio Einstein-Freud. Una recensione - filosofiprecari.it","robots":{"index":"index","follow":"follow","max-snippet":"max-snippet:-1","max-image-preview":"max-image-preview:large","max-video-preview":"max-video-preview:-1"},"canonical":"https:\/\/www.filosofiprecari.it\/wordpress\/?p=2225","og_locale":"it_IT","og_type":"article","og_title":"Perch\u00e9 la guerra? Carteggio Einstein-Freud. Una recensione - filosofiprecari.it","og_description":"Se ordini il libro tramite il nostro link hai diritto ad uno sconto significativo (Amazon): Perch\u00e9 la guerra? (Biblioteca Bollati Boringhieri) &#8212; &#8212; &#8212; La reazione di Sigmund Freud di fronte agli avvenimenti della Prima guerra mondiale \u00e8 quella di &hellip; Continua a leggere&rarr;","og_url":"https:\/\/www.filosofiprecari.it\/wordpress\/?p=2225","og_site_name":"filosofiprecari.it","article_published_time":"2012-05-16T09:30:41+00:00","og_image":[{"url":"http:\/\/www.filosofiprecari.it\/wordpress\/wp-content\/uploads\/2012\/05\/freudeeinstein.jpg","type":"","width":"","height":""}],"author":"Geniomaligno","twitter_card":"summary_large_image","twitter_misc":{"Scritto da":"Geniomaligno","Tempo di lettura stimato":"4 minuti"},"schema":{"@context":"https:\/\/schema.org","@graph":[{"@type":"Article","@id":"https:\/\/www.filosofiprecari.it\/wordpress\/?p=2225#article","isPartOf":{"@id":"https:\/\/www.filosofiprecari.it\/wordpress\/?p=2225"},"author":{"name":"Geniomaligno","@id":"https:\/\/www.filosofiprecari.it\/wordpress\/#\/schema\/person\/9535731de871053883b38b72b012edd3"},"headline":"Perch\u00e9 la guerra? Carteggio Einstein-Freud. Una recensione","datePublished":"2012-05-16T09:30:41+00:00","mainEntityOfPage":{"@id":"https:\/\/www.filosofiprecari.it\/wordpress\/?p=2225"},"wordCount":812,"commentCount":0,"image":{"@id":"https:\/\/www.filosofiprecari.it\/wordpress\/?p=2225#primaryimage"},"thumbnailUrl":"http:\/\/www.filosofiprecari.it\/wordpress\/wp-content\/uploads\/2012\/05\/freudeeinstein.jpg","keywords":["critica","pacifismo","riassunto","sunto","trama"],"articleSection":["Recensione libri","Scienza\/filosofia"],"inLanguage":"it-IT","potentialAction":[{"@type":"CommentAction","name":"Comment","target":["https:\/\/www.filosofiprecari.it\/wordpress\/?p=2225#respond"]}]},{"@type":"WebPage","@id":"https:\/\/www.filosofiprecari.it\/wordpress\/?p=2225","url":"https:\/\/www.filosofiprecari.it\/wordpress\/?p=2225","name":"Perch\u00e9 la guerra? Carteggio Einstein-Freud. Una recensione - filosofiprecari.it","isPartOf":{"@id":"https:\/\/www.filosofiprecari.it\/wordpress\/#website"},"primaryImageOfPage":{"@id":"https:\/\/www.filosofiprecari.it\/wordpress\/?p=2225#primaryimage"},"image":{"@id":"https:\/\/www.filosofiprecari.it\/wordpress\/?p=2225#primaryimage"},"thumbnailUrl":"http:\/\/www.filosofiprecari.it\/wordpress\/wp-content\/uploads\/2012\/05\/freudeeinstein.jpg","datePublished":"2012-05-16T09:30:41+00:00","author":{"@id":"https:\/\/www.filosofiprecari.it\/wordpress\/#\/schema\/person\/9535731de871053883b38b72b012edd3"},"breadcrumb":{"@id":"https:\/\/www.filosofiprecari.it\/wordpress\/?p=2225#breadcrumb"},"inLanguage":"it-IT","potentialAction":[{"@type":"ReadAction","target":["https:\/\/www.filosofiprecari.it\/wordpress\/?p=2225"]}]},{"@type":"ImageObject","inLanguage":"it-IT","@id":"https:\/\/www.filosofiprecari.it\/wordpress\/?p=2225#primaryimage","url":"http:\/\/www.filosofiprecari.it\/wordpress\/wp-content\/uploads\/2012\/05\/freudeeinstein.jpg","contentUrl":"http:\/\/www.filosofiprecari.it\/wordpress\/wp-content\/uploads\/2012\/05\/freudeeinstein.jpg"},{"@type":"BreadcrumbList","@id":"https:\/\/www.filosofiprecari.it\/wordpress\/?p=2225#breadcrumb","itemListElement":[{"@type":"ListItem","position":1,"name":"Home","item":"https:\/\/www.filosofiprecari.it\/wordpress"},{"@type":"ListItem","position":2,"name":"Perch\u00e9 la guerra? Carteggio Einstein-Freud. Una recensione"}]},{"@type":"WebSite","@id":"https:\/\/www.filosofiprecari.it\/wordpress\/#website","url":"https:\/\/www.filosofiprecari.it\/wordpress\/","name":"filosofiprecari.it","description":"filosofie nel deserto","potentialAction":[{"@type":"SearchAction","target":{"@type":"EntryPoint","urlTemplate":"https:\/\/www.filosofiprecari.it\/wordpress\/?s={search_term_string}"},"query-input":{"@type":"PropertyValueSpecification","valueRequired":true,"valueName":"search_term_string"}}],"inLanguage":"it-IT"},{"@type":"Person","@id":"https:\/\/www.filosofiprecari.it\/wordpress\/#\/schema\/person\/9535731de871053883b38b72b012edd3","name":"Geniomaligno","image":{"@type":"ImageObject","inLanguage":"it-IT","@id":"https:\/\/secure.gravatar.com\/avatar\/06f70924c5d2d441ba22945cdded32a8b8f8e67179ed3d0ff2b2d209dff108c7?s=96&d=mm&r=g","url":"https:\/\/secure.gravatar.com\/avatar\/06f70924c5d2d441ba22945cdded32a8b8f8e67179ed3d0ff2b2d209dff108c7?s=96&d=mm&r=g","contentUrl":"https:\/\/secure.gravatar.com\/avatar\/06f70924c5d2d441ba22945cdded32a8b8f8e67179ed3d0ff2b2d209dff108c7?s=96&d=mm&r=g","caption":"Geniomaligno"},"url":"https:\/\/www.filosofiprecari.it\/wordpress\/?author=1"}]}},"_links":{"self":[{"href":"https:\/\/www.filosofiprecari.it\/wordpress\/index.php?rest_route=\/wp\/v2\/posts\/2225","targetHints":{"allow":["GET"]}}],"collection":[{"href":"https:\/\/www.filosofiprecari.it\/wordpress\/index.php?rest_route=\/wp\/v2\/posts"}],"about":[{"href":"https:\/\/www.filosofiprecari.it\/wordpress\/index.php?rest_route=\/wp\/v2\/types\/post"}],"author":[{"embeddable":true,"href":"https:\/\/www.filosofiprecari.it\/wordpress\/index.php?rest_route=\/wp\/v2\/users\/1"}],"replies":[{"embeddable":true,"href":"https:\/\/www.filosofiprecari.it\/wordpress\/index.php?rest_route=%2Fwp%2Fv2%2Fcomments&post=2225"}],"version-history":[{"count":2,"href":"https:\/\/www.filosofiprecari.it\/wordpress\/index.php?rest_route=\/wp\/v2\/posts\/2225\/revisions"}],"predecessor-version":[{"id":2228,"href":"https:\/\/www.filosofiprecari.it\/wordpress\/index.php?rest_route=\/wp\/v2\/posts\/2225\/revisions\/2228"}],"wp:attachment":[{"href":"https:\/\/www.filosofiprecari.it\/wordpress\/index.php?rest_route=%2Fwp%2Fv2%2Fmedia&parent=2225"}],"wp:term":[{"taxonomy":"category","embeddable":true,"href":"https:\/\/www.filosofiprecari.it\/wordpress\/index.php?rest_route=%2Fwp%2Fv2%2Fcategories&post=2225"},{"taxonomy":"post_tag","embeddable":true,"href":"https:\/\/www.filosofiprecari.it\/wordpress\/index.php?rest_route=%2Fwp%2Fv2%2Ftags&post=2225"}],"curies":[{"name":"wp","href":"https:\/\/api.w.org\/{rel}","templated":true}]}}